{"id":8586,"date":"2023-03-23T10:00:52","date_gmt":"2023-03-23T09:00:52","guid":{"rendered":"http:\/\/emafructidor.com\/ema\/?p=8586"},"modified":"2023-03-23T10:00:52","modified_gmt":"2023-03-23T09:00:52","slug":"conference-i-surveillance-screen-mediated-archives-mode-de-production-de-la-surveillance","status":"publish","type":"post","link":"http:\/\/emafructidor.com\/ema\/conference-i-surveillance-screen-mediated-archives-mode-de-production-de-la-surveillance\/","title":{"rendered":"CONF\u00c9RENCE I Surveillance \/ Screen-mediated Archives (mode de production de la surveillance)"},"content":{"rendered":"<p><strong>Une conf\u00e9rence de Paula Albuquerque et belit sa\u011f<br \/>\n<\/strong>Mercredi 5 avril 2023, 18h \u2013 20h&nbsp;<br \/>\n\u00c9cole Media Art \u2013 34, rue Fructidor \u00e0 Chalon-sur-Sa\u00f4ne, salle de conf\u00e9rence<\/p>\n<p>La prise de conscience de l&rsquo;omnipr\u00e9sence de la surveillance suscite des inqui\u00e9tudes quant \u00e0 la partialit\u00e9 des syst\u00e8mes de m\u00e9diation actuels qui cr\u00e9ent du sens sous le couvert de la documentation de la r\u00e9alit\u00e9 mat\u00e9rielle. Albuquerque con\u00e7oit des sc\u00e9narios qui d\u00e9construisent et d\u00e9voilent le fonctionnement interne du dispositif visuel, des webcams et deepfake aux drones militaires et aux appareils de surveillance \u00e0 m\u00e9diation verticale, tout en explorant les qualit\u00e9s esth\u00e9tiques de ces m\u00e9dias en tant que mati\u00e8re premi\u00e8re. Ses expositions consistent en des environnements \u00e9cologiques m\u00e9diatiques o\u00f9 le temps r\u00e9el est construit et o\u00f9 des r\u00e9f\u00e9rences remontant au XVIe si\u00e8cle sont enchev\u00eatr\u00e9es avec des r\u00e9pertoires actuels de pratiques d\u00e9coloniales. Les installations d&rsquo;Albuquerque fonctionnent par d\u00e9duction et contournent ainsi l&rsquo;utilisation de mat\u00e9riaux sensibles exclusivement<br \/>\ndestin\u00e9s \u00e0 l&rsquo;\u00e9tude pr\u00e9paratoire. Elle combine ses propres s\u00e9quences avec des images provenant de diverses sources, notamment des reportages journalistiques, des publicit\u00e9s, des films hollywoodiens, des images d&rsquo;archives et des jeux, pour cr\u00e9er des portraits du monde indiscernables et<br \/>\ninterchangeables afin de d\u00e9manteler la continuit\u00e9 narrative de l&rsquo;appareil de surveillance visuelle n\u00e9olib\u00e9ral.<\/p>\n<p><strong>Activation des archives m\u00e9diatis\u00e9es par l&rsquo;\u00e9cran<\/strong><br \/>\nSuivant l&rsquo;analyse de Harun Farocki sur la photographie en tant que construction id\u00e9ologique in\/visible, le travail de belit sa\u011f remet en question la \u00ab\u00a0revendication de v\u00e9rit\u00e9\u00a0\u00bb associ\u00e9e \u00e0 l&rsquo;indexicalit\u00e9 de la photographie, n\u00e9gociant la fine ligne entre la r\u00e9alit\u00e9 et la v\u00e9rit\u00e9 construite. Ses essais cin\u00e9matographiques montrent comment les m\u00e9dias visuels fa\u00e7onnent l&rsquo;exp\u00e9rience. Dans la vie contemporaine, les images sont une extension naturalis\u00e9e du corps. Cette r\u00e9alit\u00e9 est devenue particuli\u00e8rement \u00e9vidente du fait de la d\u00e9pendance croissante \u00e0 l&rsquo;\u00e9gard de l&rsquo;interaction sociale<br \/>\nm\u00e9diatis\u00e9e par l&rsquo;\u00e9cran. En mettant l&rsquo;accent sur l&rsquo;interd\u00e9pendance entre les questions esth\u00e9tiques et politiques, elle pr\u00e9sente la technologie qui sous-tend la fabrication des images comme une forme de m\u00e9diation. Ses films sont une activation en direct des archives, une invitation \u00e0 jouer \u00e0 l&rsquo;unisson avec les images qui cohabitent avec elle dans l&rsquo;espace. Son travail rappelle aux spectateurs qu&rsquo;ils sont d\u00e9j\u00e0 inscrits dans l&rsquo;image et que leur regard d\u00e9pend des param\u00e8tres politiques de la visibilit\u00e9. Elle ne se concentre pas sur la vision en tant que forme de v\u00e9rit\u00e9 et de signification, mais plut\u00f4t sur les propri\u00e9t\u00e9s formelles im\/perceptibles de la production et de la circulation, et sur la positionalit\u00e9 qu&rsquo;elles g\u00e9n\u00e8rent. (extrait d&rsquo;Almudena Escobar Lopez )<\/p>\n<p>&nbsp;<\/p>\n<p><em>Paula Albuquerque et a<\/em><em>rtiste et universitaire, titulaire d&rsquo;un post-doc en recherche artistique \u00e0 l&rsquo;universit\u00e9 d&rsquo;Amsterdam.<\/em><br \/>\n<em>Elle est responsable du master de recherche artistique \u00e0 cette universit\u00e9 et chercheuse principale \u00e0 l&rsquo;Acad\u00e9mie <\/em><em>Gerrit Rietveld.<br \/>\n<\/em><em>Elle a expos\u00e9 ses \u0153uvres \u00e0 la Nieuw Dakota Gallery, au Stedelijk Museum Bureau <\/em><em>d&rsquo;Amsterdam, \u00e0 la Bradwolff Projects Gallery (Amsterdam), au Festival international du film de <\/em><em>Rotterdam et au Sheffield DOC|Fest.&nbsp; Elle a publi\u00e9 les livres Enter the Ghost &#8211; Haunted Media Ecologies <\/em><em>(solo exhibition project book 2020) et The Webcam as an Emerging Cinematic Medium (Amsterdam <\/em><em>University Press, 2018). Elle participe r\u00e9guli\u00e8rement \u00e0 des conf\u00e9rences, notamment Media in <\/em><em>Transition, MIT, et Visible Evidence, School of Cinematic Arts, Los Angeles.<\/em><br \/>\n<em>https:\/\/necsus-ejms.org\/surveillance-bias-and-healing<\/em><\/p>\n<p><em>belit sa\u011f est a<\/em><em>rtiste visuelle et \u00e9ducatrice vivant \u00e0 Amsterdam et \u00e0 Istanbul.<br \/>\n<\/em><em>Elle est enseignante dans le Master of Film, <\/em><em>Artistic Research in and through Cinema Department \u00e0 la Netherlands Film Academy et professeure au<\/em><br \/>\n<em>d\u00e9partement d&rsquo;\u00e9tudes critiques de l&rsquo;Institut Sandberg.<br \/>\n<\/em><em>Elle est co-initiatrice de plusieurs groupes de <\/em><em>vid\u00e9oactivistes en Turquie, tels que bak.ma (archives num\u00e9riques en ligne des mouvements sociaux <\/em><em>en Turquie).<br \/>\nElle a effectu\u00e9 des r\u00e9sidences \u00e0 l&rsquo;International Studio and Curatorial Program (ISCP) \u00e0 New <\/em><em>York et \u00e0 la Rijksakademie van Beeldende Kunsten \u00e0 Amsterdam. Ses \u0153uvres ont \u00e9t\u00e9 pr\u00e9sent\u00e9es, <\/em><em>entre autres, au MOCA, \u00e0 Taipei, \u00e0 Flaherty NYC, \u00e0 la documenta14, \u00e0 Kassel, \u00e0 LUX, \u00e0 Londres, \u00e0<\/em><br \/>\n<em>Tabakalera, \u00e0 San Sebastian, \u00e0 T\u00fct\u00fcn Deposu, \u00e0 Istanbul, au TIFF (Toronto), \u00e0 l&rsquo;IFFR (Rotterdam), au <\/em><em>NYFF (New York) et au EYE-Filmmuseum, \u00e0 Amsterdam.<\/em><br \/>\n<em>belitsag.com<\/em><\/p>\n","protected":false},"excerpt":{"rendered":"<p>Une conf\u00e9rence de Paula Albuquerque et belit sa\u011f Mercredi 5 [&hellip;]<\/p>\n","protected":false},"author":9,"featured_media":8585,"comment_status":"open","ping_status":"open","sticky":false,"template":"","format":"standard","meta":{"ngg_post_thumbnail":0},"categories":[8],"tags":[],"_links":{"self":[{"href":"http:\/\/emafructidor.com\/ema\/wp-json\/wp\/v2\/posts\/8586"}],"collection":[{"href":"http:\/\/emafructidor.com\/ema\/wp-json\/wp\/v2\/posts"}],"about":[{"href":"http:\/\/emafructidor.com\/ema\/wp-json\/wp\/v2\/types\/post"}],"author":[{"embeddable":true,"href":"http:\/\/emafructidor.com\/ema\/wp-json\/wp\/v2\/users\/9"}],"replies":[{"embeddable":true,"href":"http:\/\/emafructidor.com\/ema\/wp-json\/wp\/v2\/comments?post=8586"}],"version-history":[{"count":2,"href":"http:\/\/emafructidor.com\/ema\/wp-json\/wp\/v2\/posts\/8586\/revisions"}],"predecessor-version":[{"id":8588,"href":"http:\/\/emafructidor.com\/ema\/wp-json\/wp\/v2\/posts\/8586\/revisions\/8588"}],"wp:featuredmedia":[{"embeddable":true,"href":"http:\/\/emafructidor.com\/ema\/wp-json\/wp\/v2\/media\/8585"}],"wp:attachment":[{"href":"http:\/\/emafructidor.com\/ema\/wp-json\/wp\/v2\/media?parent=8586"}],"wp:term":[{"taxonomy":"category","embeddable":true,"href":"http:\/\/emafructidor.com\/ema\/wp-json\/wp\/v2\/categories?post=8586"},{"taxonomy":"post_tag","embeddable":true,"href":"http:\/\/emafructidor.com\/ema\/wp-json\/wp\/v2\/tags?post=8586"}],"curies":[{"name":"wp","href":"https:\/\/api.w.org\/{rel}","templated":true}]}}