{"id":8604,"date":"2023-04-25T17:31:44","date_gmt":"2023-04-25T16:31:44","guid":{"rendered":"http:\/\/emafructidor.com\/ema\/?p=8604"},"modified":"2023-04-25T17:33:30","modified_gmt":"2023-04-25T16:33:30","slug":"conference-the-well-tempered","status":"publish","type":"post","link":"http:\/\/emafructidor.com\/ema\/conference-the-well-tempered\/","title":{"rendered":"CONF\u00c9RENCE | The well tempered"},"content":{"rendered":"<p><strong>Une conf\u00e9rence de Jade Barget<\/strong><br \/>\nMardi 2 mai 2023, 18h \u2013 20h<br \/>\n\u00c9cole Media Art \u2013 34, rue Fructidor \u00e0 Chalon-sur-Sa\u00f4ne, salle de conf\u00e9rence<\/p>\n<p>En 2022, la start-up Make Sunset a lanc\u00e9 des ballons m\u00e9t\u00e9orologiques depuis un site au Mexique pour lib\u00e9rer des particules de soufre r\u00e9fl\u00e9chissantes dans la stratosph\u00e8re. Cette strat\u00e9gie de g\u00e9o-ing\u00e9nierie vise \u00e0 renvoyer la lumi\u00e8re du soleil dans l&rsquo;espace afin d&rsquo;att\u00e9nuer le r\u00e9chauffement climatique. Bien que de telles pratiques restent marginales, sp\u00e9culatives voire ill\u00e9gales, d&rsquo;autres technologies op\u00e9rant \u00e0 une plus petite \u00e9chelle conditionnent et alt\u00e8rent d\u00e9j\u00e0 couramment l&rsquo;atmosph\u00e8re terrestre. \u00c0 travers l&rsquo;utilisation de technologies de climatisation, des climats artificiels sont cr\u00e9\u00e9s pour rendre certains espaces fonctionnels, tels que les laboratoires, les centres de donn\u00e9es ou les centres commerciaux. D&rsquo;autres technologies, telles que la pulv\u00e9risation de gaz lacrymog\u00e8ne, sont utilis\u00e9es pour rendre certaines atmosph\u00e8res invivables. Ces technologies ont en commun le ciblage de la composition physico-chimique de l&rsquo;air et la cr\u00e9ation de microclimats pour affecter la conduite des personnes et des choses. Jade Barget partage quelques pistes de r\u00e9flexion sur la dimension m\u00e9t\u00e9orologique et politique du conditionnement de notre atmosph\u00e8re et pr\u00e9sente la fa\u00e7on dont ces probl\u00e9matiques s&rsquo;inscrivent dans son projet curatorial \u00e0 venir, intitul\u00e9 The well tempered, un programme de performance, de film et de discours qui se d\u00e9ploiera en plusieurs chapitres.<\/p>\n<p>&nbsp;<\/p>\n<p><em>Pensant les \u00e9l\u00e9ments naturels comme m\u00e9dias et infrastructures, Jade Barget, curatrice ind\u00e9pendante, fait \u00e9tat des imaginaires de modifications atmosph\u00e9riques \u00e0 l\u2019heure o\u00f9 les nuages s&rsquo;ensemencent, les villes deviennent Smart et les maisons connect\u00e9es.<\/em><br \/>\n<em>Elle cog\u00e8re la plateforme curatoriale XING dont le projet le plus r\u00e9cent, Fatal &amp; Fallen, traite la rage et la vengeance \u00e0 travers l\u2019\u00e9tude de films d\u2019exploitation d\u2019Asie de l\u2019Est. Elle est \u00e9galement assistante curatoriale de transmediale, un festival d\u2019art et de culture num\u00e9rique Berlinois.<\/em><\/p>\n","protected":false},"excerpt":{"rendered":"<p>Une conf\u00e9rence de Jade Barget Mardi 2 mai 2023, 18h [&hellip;]<\/p>\n","protected":false},"author":9,"featured_media":8606,"comment_status":"open","ping_status":"open","sticky":false,"template":"","format":"standard","meta":{"ngg_post_thumbnail":0},"categories":[1],"tags":[],"_links":{"self":[{"href":"http:\/\/emafructidor.com\/ema\/wp-json\/wp\/v2\/posts\/8604"}],"collection":[{"href":"http:\/\/emafructidor.com\/ema\/wp-json\/wp\/v2\/posts"}],"about":[{"href":"http:\/\/emafructidor.com\/ema\/wp-json\/wp\/v2\/types\/post"}],"author":[{"embeddable":true,"href":"http:\/\/emafructidor.com\/ema\/wp-json\/wp\/v2\/users\/9"}],"replies":[{"embeddable":true,"href":"http:\/\/emafructidor.com\/ema\/wp-json\/wp\/v2\/comments?post=8604"}],"version-history":[{"count":2,"href":"http:\/\/emafructidor.com\/ema\/wp-json\/wp\/v2\/posts\/8604\/revisions"}],"predecessor-version":[{"id":8608,"href":"http:\/\/emafructidor.com\/ema\/wp-json\/wp\/v2\/posts\/8604\/revisions\/8608"}],"wp:featuredmedia":[{"embeddable":true,"href":"http:\/\/emafructidor.com\/ema\/wp-json\/wp\/v2\/media\/8606"}],"wp:attachment":[{"href":"http:\/\/emafructidor.com\/ema\/wp-json\/wp\/v2\/media?parent=8604"}],"wp:term":[{"taxonomy":"category","embeddable":true,"href":"http:\/\/emafructidor.com\/ema\/wp-json\/wp\/v2\/categories?post=8604"},{"taxonomy":"post_tag","embeddable":true,"href":"http:\/\/emafructidor.com\/ema\/wp-json\/wp\/v2\/tags?post=8604"}],"curies":[{"name":"wp","href":"https:\/\/api.w.org\/{rel}","templated":true}]}}