{"id":8613,"date":"2023-05-08T13:06:10","date_gmt":"2023-05-08T12:06:10","guid":{"rendered":"http:\/\/emafructidor.com\/ema\/?p=8613"},"modified":"2023-05-08T13:20:08","modified_gmt":"2023-05-08T12:20:08","slug":"conference-formes-et-matieres-vivantes-entre-visible-et-invisible-perspectives-anthropologiques","status":"publish","type":"post","link":"http:\/\/emafructidor.com\/ema\/conference-formes-et-matieres-vivantes-entre-visible-et-invisible-perspectives-anthropologiques\/","title":{"rendered":"CONF\u00c9RENCE | Formes et mati\u00e8res vivantes entre visible et invisible. Perspectives anthropologiques"},"content":{"rendered":"<p><strong>Une conf\u00e9rence de Perig Pitrou<br \/>\n<\/strong>Jeudi 11 mai 2023, 18h \u2013 20h&nbsp;<br \/>\n\u00c9cole Media Art \u2013 34, rue Fructidor \u00e0 Chalon-sur-Sa\u00f4ne, salle de conf\u00e9rence<\/p>\n<p>&nbsp;<\/p>\n<p>Partout dans le monde, les humains ne peuvent manquer de constater des processus tels que la croissance, la reproduction, le vieillissement ou la mort qu\u2019ils observent dans leur corps ou dans la nature. Les causes qui produisent ces processus demeurent en partie invisibles, raison pour laquelle toutes les soci\u00e9t\u00e9s \u00e9laborent des syst\u00e8mes explicatifs \u2013 des \u00ab th\u00e9ories de la vie \u00bb \u2013 pour mieux comprendre le fonctionnement des organismes et des \u00e9cosyst\u00e8mes. En m\u00eame temps que les interactions avec le vivant, l\u2019\u00e9tude des objets de la culture mat\u00e9rielle fournit aux ethnologues des cl\u00e9s pour appr\u00e9hender la diversit\u00e9 de ces th\u00e9ories dans une perspective comparatiste. Les contextes rituels, qui modifient les conditions de la visibilit\u00e9 et produisent des transformations sur les formes et les mati\u00e8res, constituent en particulier des situations d\u2019observation privil\u00e9gi\u00e9es pour comprendre comment des artefacts peuvent \u00eatre trait\u00e9s comme des \u00eatres vivants.<\/p>\n<p><em>Perig Pitrou est anthropologue, directeur de recherche au CNRS \u00e0 la Maison Fran\u00e7aise d\u2019Oxford et au Laboratoire d\u2019anthropologie sociale du Coll\u00e8ge de France o\u00f9 il dirige l\u2019\u00e9quipe \u00ab\u00a0Anthropologie de la vie\u00a0\u00bb. Membre-fondateur du collectif \u00ab\u00a0La vie \u00e0 l\u2019\u0153uvre\u00a0\u00bb, il s\u2019int\u00e9resse aux relations entre art, science, architecture et soci\u00e9t\u00e9. Il est l\u2019auteur de Les anthropologues et la vie (Mim\u00e9sis, 2021) et a publi\u00e9 plusieurs ouvrages collectifs sur les relations entre vie et technique : Des \u00eatres vivants et des artefacts (Mus\u00e9e du quai Branly, 2016), Puissance du v\u00e9g\u00e9tal et cin\u00e9ma animiste. La vitalit\u00e9 r\u00e9v\u00e9l\u00e9e par la technique (Presses du r\u00e9el, 2020) et un volume des Cahiers d\u2019anthropologie sociale intitul\u00e9 \u00ab\u00a0Reconfigurer le vivant\u00a0\u00bb (L\u2019Herne, 2021).<\/em><\/p>\n","protected":false},"excerpt":{"rendered":"<p>Une conf\u00e9rence de Perig Pitrou Jeudi 11 mai 2023, 18h [&hellip;]<\/p>\n","protected":false},"author":9,"featured_media":8619,"comment_status":"open","ping_status":"open","sticky":false,"template":"","format":"standard","meta":{"ngg_post_thumbnail":0},"categories":[1],"tags":[],"_links":{"self":[{"href":"http:\/\/emafructidor.com\/ema\/wp-json\/wp\/v2\/posts\/8613"}],"collection":[{"href":"http:\/\/emafructidor.com\/ema\/wp-json\/wp\/v2\/posts"}],"about":[{"href":"http:\/\/emafructidor.com\/ema\/wp-json\/wp\/v2\/types\/post"}],"author":[{"embeddable":true,"href":"http:\/\/emafructidor.com\/ema\/wp-json\/wp\/v2\/users\/9"}],"replies":[{"embeddable":true,"href":"http:\/\/emafructidor.com\/ema\/wp-json\/wp\/v2\/comments?post=8613"}],"version-history":[{"count":1,"href":"http:\/\/emafructidor.com\/ema\/wp-json\/wp\/v2\/posts\/8613\/revisions"}],"predecessor-version":[{"id":8614,"href":"http:\/\/emafructidor.com\/ema\/wp-json\/wp\/v2\/posts\/8613\/revisions\/8614"}],"wp:featuredmedia":[{"embeddable":true,"href":"http:\/\/emafructidor.com\/ema\/wp-json\/wp\/v2\/media\/8619"}],"wp:attachment":[{"href":"http:\/\/emafructidor.com\/ema\/wp-json\/wp\/v2\/media?parent=8613"}],"wp:term":[{"taxonomy":"category","embeddable":true,"href":"http:\/\/emafructidor.com\/ema\/wp-json\/wp\/v2\/categories?post=8613"},{"taxonomy":"post_tag","embeddable":true,"href":"http:\/\/emafructidor.com\/ema\/wp-json\/wp\/v2\/tags?post=8613"}],"curies":[{"name":"wp","href":"https:\/\/api.w.org\/{rel}","templated":true}]}}