{"id":8863,"date":"2023-11-21T15:15:08","date_gmt":"2023-11-21T14:15:08","guid":{"rendered":"http:\/\/emafructidor.com\/ema\/?p=8863"},"modified":"2023-11-25T13:39:30","modified_gmt":"2023-11-25T12:39:30","slug":"festival-fenetre-sur-cours-laureate-2023-ohniana-kondrachuk","status":"publish","type":"post","link":"http:\/\/emafructidor.com\/ema\/festival-fenetre-sur-cours-laureate-2023-ohniana-kondrachuk\/","title":{"rendered":"Festival Fen\u00eatres sur courts &#8211; Laur\u00e9ate 2023 : Ohniana Kondrachuk"},"content":{"rendered":"<div class=\"mbl\">\n<div class=\"field_texte field-content\">\n<div class=\"film--text-left\">\n<h1 class=\"red\"><span class=\"title\">Festival Fen\u00eatres sur courts<\/span><\/h1>\n<div class=\"field_sous_titre field-content\">La 28\u00e8me \u00e9dition du festival a eu lieu du 11 au 18 novembre 2023 \u00e0 Dijon.<\/div>\n<div class=\"field_texte field-content\">\n<p>Le festival devient un incontournable pour Dijon et ses alentours. Plan9 veut donner un coup de projecteur sur cette forme fragile qu\u2019est le court m\u00e9trage. Pas assez diffus\u00e9e, pas assez connue du grand public, la forme courte m\u00e9rite mieux. Fen\u00eatres sur courts est un moyen pour les cin\u00e9astes talentueux et prometteurs de se faire conna\u00eetre et d\u2019\u00e9changer avec un public tr\u00e8s h\u00e9t\u00e9rog\u00e8ne. Le festival s\u2019adresse \u00e0 des passionn\u00e9s, des connaisseurs, mais aussi au plus grand nombre, aux simples amateurs et aux profanes. Fen\u00eatres sur courts compose chaque ann\u00e9e une programmation exigeante mais accessible.<\/p>\n<p>Le festival organise notamment un concours \u00e0 destination des lyc\u00e9ens et des \u00e9tudiants de la r\u00e9gion Bourgogne-Franche-Comt\u00e9. L\u2019occasion de faire d\u00e9couvrir la jeune cr\u00e9ation \u00e9mergente.&nbsp;<\/p>\n<p>Cette ann\u00e9e, nous avons le plaisir d&rsquo;annoncer que la laur\u00e9ate de cette cat\u00e9gorie est <strong>Ohniana Kondrachuk, <\/strong>\u00e9tudiante de 3e ann\u00e9e \u00e0 l&rsquo;e|m|a.<\/p>\n<p><strong>Toute l&rsquo;\u00e9cole lui adresse ses sinc\u00e8res f\u00e9licitations !<\/strong><\/p>\n<\/div>\n<div class=\"field_descriptif field-content\">\n<p>Cendre &#8211; 2023 &#8211; 9min<\/p>\n<\/div>\n<div class=\"field_descriptif field-content\">\n<p>\u00abTu es la cendre et \u00e0 la cendre tu reviendras\u00bb.<\/p>\n<p>Plongez dans une r\u00e9flexion sur la r\u00e9incarnation, inspir\u00e9e des l\u00e9gendes et croyances pa\u00efennes.&nbsp;<\/p>\n<\/div>\n<\/div>\n<div class=\"film--text-right\">\n<div class=\"film--text-right-bold\">&nbsp;<\/div>\n<div>\n<div class=\"field_annee field-content\"><a href=\"https:\/\/www.fenetres-sur-courts.com\/le-palmares-2023\">Le palmar\u00e8s 2023 | Fen\u00eatres sur courts (fenetres-sur-courts.com)<\/a><\/div>\n<\/div>\n<\/div>\n<\/div>\n<\/div>\n","protected":false},"excerpt":{"rendered":"<p>Festival Fen\u00eatres sur courts La 28\u00e8me \u00e9dition du festival a [&hellip;]<\/p>\n","protected":false},"author":14,"featured_media":8864,"comment_status":"open","ping_status":"open","sticky":false,"template":"","format":"standard","meta":{"ngg_post_thumbnail":0},"categories":[1],"tags":[],"_links":{"self":[{"href":"http:\/\/emafructidor.com\/ema\/wp-json\/wp\/v2\/posts\/8863"}],"collection":[{"href":"http:\/\/emafructidor.com\/ema\/wp-json\/wp\/v2\/posts"}],"about":[{"href":"http:\/\/emafructidor.com\/ema\/wp-json\/wp\/v2\/types\/post"}],"author":[{"embeddable":true,"href":"http:\/\/emafructidor.com\/ema\/wp-json\/wp\/v2\/users\/14"}],"replies":[{"embeddable":true,"href":"http:\/\/emafructidor.com\/ema\/wp-json\/wp\/v2\/comments?post=8863"}],"version-history":[{"count":7,"href":"http:\/\/emafructidor.com\/ema\/wp-json\/wp\/v2\/posts\/8863\/revisions"}],"predecessor-version":[{"id":8872,"href":"http:\/\/emafructidor.com\/ema\/wp-json\/wp\/v2\/posts\/8863\/revisions\/8872"}],"wp:featuredmedia":[{"embeddable":true,"href":"http:\/\/emafructidor.com\/ema\/wp-json\/wp\/v2\/media\/8864"}],"wp:attachment":[{"href":"http:\/\/emafructidor.com\/ema\/wp-json\/wp\/v2\/media?parent=8863"}],"wp:term":[{"taxonomy":"category","embeddable":true,"href":"http:\/\/emafructidor.com\/ema\/wp-json\/wp\/v2\/categories?post=8863"},{"taxonomy":"post_tag","embeddable":true,"href":"http:\/\/emafructidor.com\/ema\/wp-json\/wp\/v2\/tags?post=8863"}],"curies":[{"name":"wp","href":"https:\/\/api.w.org\/{rel}","templated":true}]}}